{"id":861,"date":"2019-07-22T13:16:35","date_gmt":"2019-07-22T11:16:35","guid":{"rendered":"http:\/\/handimel.fr\/?p=861"},"modified":"2019-07-22T13:16:35","modified_gmt":"2019-07-22T11:16:35","slug":"sortie-playa","status":"publish","type":"post","link":"http:\/\/handimel.fr\/index.php\/2019\/07\/22\/sortie-playa\/","title":{"rendered":"Sortie playa!"},"content":{"rendered":"\n<p>Direction La Baule, le <strong>jeudi 19 septembre de 7h30 \u00e0 20h15 <\/strong>: plage, pique-nique, glaces, baignade&#8230;Evasion totale pour une journ\u00e9e! Comme si on \u00e9tait en plein \u00e9t\u00e9!<\/p>\n\n\n\n<ul class=\"wp-block-gallery columns-3 is-cropped wp-block-gallery-1 is-layout-flex wp-block-gallery-is-layout-flex\"><li class=\"blocks-gallery-item\"><figure><img decoding=\"async\" src=\"http:\/\/handimel.fr\/wp-content\/uploads\/sites\/8\/2019\/09\/la-baule3-e1569429518116-1024x768.jpg\" alt=\"\" data-id=\"935\" data-link=\"http:\/\/handimel.fr\/2019\/07\/22\/sortie-playa\/la-baule3\/\" class=\"wp-image-935\" \/><\/figure><\/li><li class=\"blocks-gallery-item\"><figure><img decoding=\"async\" src=\"http:\/\/handimel.fr\/wp-content\/uploads\/sites\/8\/2019\/09\/la-baule4-e1569429039974-1024x768.jpg\" alt=\"\" data-id=\"936\" data-link=\"http:\/\/handimel.fr\/2019\/07\/22\/sortie-playa\/la-baule4\/\" class=\"wp-image-936\" \/><\/figure><\/li><li class=\"blocks-gallery-item\"><figure><img decoding=\"async\" src=\"http:\/\/handimel.fr\/wp-content\/uploads\/sites\/8\/2019\/09\/la-baule-5-e1569429126674-768x1024.jpg\" alt=\"\" data-id=\"937\" data-link=\"http:\/\/handimel.fr\/2019\/07\/22\/sortie-playa\/la-baule-5\/\" class=\"wp-image-937\" \/><\/figure><\/li><li class=\"blocks-gallery-item\"><figure><img decoding=\"async\" src=\"http:\/\/handimel.fr\/wp-content\/uploads\/sites\/8\/2019\/09\/la-baule6-e1569429233618-768x1024.jpg\" alt=\"\" data-id=\"938\" data-link=\"http:\/\/handimel.fr\/2019\/07\/22\/sortie-playa\/la-baule6\/\" class=\"wp-image-938\" \/><\/figure><\/li><li class=\"blocks-gallery-item\"><figure><img decoding=\"async\" src=\"http:\/\/handimel.fr\/wp-content\/uploads\/sites\/8\/2019\/09\/sncf-franck-e1569429367129-768x1024.jpg\" alt=\"\" data-id=\"939\" data-link=\"http:\/\/handimel.fr\/2019\/07\/22\/sortie-playa\/sncf-franck\/\" class=\"wp-image-939\" \/><\/figure><\/li><\/ul>\n","protected":false},"excerpt":{"rendered":"<p>Direction La Baule, le jeudi 19 septembre de 7h30 \u00e0 20h15 : plage, pique-nique, glaces, baignade&#8230;Evasion totale pour une journ\u00e9e! Comme si on \u00e9tait en plein \u00e9t\u00e9!<\/p>\n","protected":false},"author":3,"featured_media":0,"comment_status":"closed","ping_status":"open","sticky":false,"template":"","format":"standard","meta":{"footnotes":""},"categories":[13],"tags":[],"class_list":["post-861","post","type-post","status-publish","format-standard","hentry","category-sorties"],"_links":{"self":[{"href":"http:\/\/handimel.fr\/index.php\/wp-json\/wp\/v2\/posts\/861","targetHints":{"allow":["GET"]}}],"collection":[{"href":"http:\/\/handimel.fr\/index.php\/wp-json\/wp\/v2\/posts"}],"about":[{"href":"http:\/\/handimel.fr\/index.php\/wp-json\/wp\/v2\/types\/post"}],"author":[{"embeddable":true,"href":"http:\/\/handimel.fr\/index.php\/wp-json\/wp\/v2\/users\/3"}],"replies":[{"embeddable":true,"href":"http:\/\/handimel.fr\/index.php\/wp-json\/wp\/v2\/comments?post=861"}],"version-history":[{"count":0,"href":"http:\/\/handimel.fr\/index.php\/wp-json\/wp\/v2\/posts\/861\/revisions"}],"wp:attachment":[{"href":"http:\/\/handimel.fr\/index.php\/wp-json\/wp\/v2\/media?parent=861"}],"wp:term":[{"taxonomy":"category","embeddable":true,"href":"http:\/\/handimel.fr\/index.php\/wp-json\/wp\/v2\/categories?post=861"},{"taxonomy":"post_tag","embeddable":true,"href":"http:\/\/handimel.fr\/index.php\/wp-json\/wp\/v2\/tags?post=861"}],"curies":[{"name":"wp","href":"https:\/\/api.w.org\/{rel}","templated":true}]}}