{"id":821,"date":"2019-06-02T17:11:13","date_gmt":"2019-06-02T15:11:13","guid":{"rendered":"http:\/\/handimel.fr\/?p=821"},"modified":"2019-06-02T17:11:13","modified_gmt":"2019-06-02T15:11:13","slug":"barbecue-a-la-gemerie","status":"publish","type":"post","link":"http:\/\/handimel.fr\/index.php\/2019\/06\/02\/barbecue-a-la-gemerie\/","title":{"rendered":"Barbecue \u00e0 la G\u00e8merie!!"},"content":{"rendered":"\n<p>Pour clore cette ann\u00e9e d&rsquo;activit\u00e9s, retrouvons-nous autour d&rsquo;un barbecue, en fonction de la m\u00e9t\u00e9o!<\/p>\n\n\n\n<p>Super journ\u00e9e, le soleil a brill\u00e9 pour cette derni\u00e8re! Un cadre qui nous fait voyager!! Un barbecue, une balade, une glace&#8230;quoi de mieux et en prime des coups de soleil!!!<\/p>\n\n\n\n<ul class=\"wp-block-gallery columns-3 is-cropped wp-block-gallery-1 is-layout-flex wp-block-gallery-is-layout-flex\"><li class=\"blocks-gallery-item\"><figure><img decoding=\"async\" src=\"http:\/\/handimel.fr\/wp-content\/uploads\/sites\/8\/2019\/06\/gemerie2-1024x768.jpg\" alt=\"\" data-id=\"828\" data-link=\"http:\/\/handimel.fr\/2019\/06\/02\/barbecue-a-la-gemerie\/gemerie2\/\" class=\"wp-image-828\" \/><\/figure><\/li><li class=\"blocks-gallery-item\"><figure><img decoding=\"async\" src=\"http:\/\/handimel.fr\/wp-content\/uploads\/sites\/8\/2019\/06\/gemerie-3-1024x768.jpg\" alt=\"\" data-id=\"829\" data-link=\"http:\/\/handimel.fr\/2019\/06\/02\/barbecue-a-la-gemerie\/gemerie-3\/\" class=\"wp-image-829\" \/><\/figure><\/li><li class=\"blocks-gallery-item\"><figure><img decoding=\"async\" src=\"http:\/\/handimel.fr\/wp-content\/uploads\/sites\/8\/2019\/06\/photo-gemerie-1024x768.jpg\" alt=\"\" data-id=\"830\" data-link=\"http:\/\/handimel.fr\/2019\/06\/02\/barbecue-a-la-gemerie\/photo-gemerie\/\" class=\"wp-image-830\" \/><\/figure><\/li><\/ul>\n","protected":false},"excerpt":{"rendered":"<p>Pour clore cette ann\u00e9e d&rsquo;activit\u00e9s, retrouvons-nous autour d&rsquo;un barbecue, en fonction de la m\u00e9t\u00e9o! Super journ\u00e9e, le soleil a brill\u00e9 pour cette derni\u00e8re! Un cadre qui nous fait voyager!! Un &hellip; <\/p>\n<p class=\"link-more\"><a href=\"http:\/\/handimel.fr\/index.php\/2019\/06\/02\/barbecue-a-la-gemerie\/\" class=\"more-link\">Continuer la lecture<span class=\"screen-reader-text\"> de &laquo;&nbsp;Barbecue \u00e0 la G\u00e8merie!!&nbsp;&raquo;<\/span><\/a><\/p>\n","protected":false},"author":3,"featured_media":0,"comment_status":"closed","ping_status":"open","sticky":false,"template":"","format":"standard","meta":{"footnotes":""},"categories":[13],"tags":[],"class_list":["post-821","post","type-post","status-publish","format-standard","hentry","category-sorties"],"_links":{"self":[{"href":"http:\/\/handimel.fr\/index.php\/wp-json\/wp\/v2\/posts\/821","targetHints":{"allow":["GET"]}}],"collection":[{"href":"http:\/\/handimel.fr\/index.php\/wp-json\/wp\/v2\/posts"}],"about":[{"href":"http:\/\/handimel.fr\/index.php\/wp-json\/wp\/v2\/types\/post"}],"author":[{"embeddable":true,"href":"http:\/\/handimel.fr\/index.php\/wp-json\/wp\/v2\/users\/3"}],"replies":[{"embeddable":true,"href":"http:\/\/handimel.fr\/index.php\/wp-json\/wp\/v2\/comments?post=821"}],"version-history":[{"count":0,"href":"http:\/\/handimel.fr\/index.php\/wp-json\/wp\/v2\/posts\/821\/revisions"}],"wp:attachment":[{"href":"http:\/\/handimel.fr\/index.php\/wp-json\/wp\/v2\/media?parent=821"}],"wp:term":[{"taxonomy":"category","embeddable":true,"href":"http:\/\/handimel.fr\/index.php\/wp-json\/wp\/v2\/categories?post=821"},{"taxonomy":"post_tag","embeddable":true,"href":"http:\/\/handimel.fr\/index.php\/wp-json\/wp\/v2\/tags?post=821"}],"curies":[{"name":"wp","href":"https:\/\/api.w.org\/{rel}","templated":true}]}}