{"id":799,"date":"2019-05-09T21:42:43","date_gmt":"2019-05-09T19:42:43","guid":{"rendered":"http:\/\/handimel.fr\/?p=799"},"modified":"2019-05-09T21:42:43","modified_gmt":"2019-05-09T19:42:43","slug":"sortie-a-la-fac","status":"publish","type":"post","link":"http:\/\/handimel.fr\/index.php\/2019\/05\/09\/sortie-a-la-fac\/","title":{"rendered":"Sortie \u00e0 la Fac!"},"content":{"rendered":"\n<p><strong>Le lundi 20 mai, de 12h \u00e0 17h<\/strong>, nous allons devenir de v\u00e9ritables \u00e9tudiants!<\/p>\n\n\n\n<p>Le Mans Universit\u00e9 nous ouvre ses portes: rien que pour Handimel!<\/p>\n\n\n\n<p><strong>Et voici le<\/strong> <strong>programme de la journ\u00e9e :<\/strong><\/p>\n\n\n\n<p><strong>12h15 \u00e0 13h30<\/strong>&nbsp;&#8211; d\u00e9jeuner au Restaurant universitaire Vaurouz\u00e9<br><strong>14h \u00e0 15h<\/strong>&nbsp;&#8211; visite \u00e0 l&rsquo;<strong>ENSIM&nbsp;<\/strong>(\u00e9cole d&rsquo;ing\u00e9nieurs), d\u00e9couverte des robots&nbsp;<br><strong>15h \u00e0 16h<\/strong>&nbsp;&#8211; Rencontre avec les chercheur.e.s du&nbsp;<strong>CREN<\/strong>&nbsp;(laboratoire de sciences de l&rsquo;\u00e9ducation) et d\u00e9couverte de la salle p\u00e9dagogique de la Maison des Sciences Humaines (avec Val\u00e9rie Renault et Florent Carlier)<br><strong>16h \u00e0 17h<\/strong>&nbsp;&#8211; visite de la&nbsp;<strong>Biblioth\u00e8que Universitaire<\/strong>&nbsp;(avec Mona Lira)<\/p>\n\n\n\n<figure class=\"wp-block-image\"><img decoding=\"async\" src=\"https:\/\/zimbra.free.fr\/service\/home\/~\/logo_LEMANS_UNIVERSITE-01.jpg?auth=co&amp;loc=fr&amp;id=10043&amp;part=2\" alt=\"\" \/><\/figure>\n\n\n\n<p>Une journ\u00e9e bien remplie et bien organis\u00e9e. Tr\u00e8s riche en d\u00e9couverte! Merci \u00e0 Ingrid et le doctorant!<\/p>\n\n\n\n<ul class=\"wp-block-gallery columns-2 is-cropped wp-block-gallery-1 is-layout-flex wp-block-gallery-is-layout-flex\"><li class=\"blocks-gallery-item\"><figure><img decoding=\"async\" src=\"http:\/\/handimel.fr\/wp-content\/uploads\/sites\/8\/2019\/05\/photo-uni-2-1024x576.jpg\" alt=\"\" data-id=\"813\" data-link=\"http:\/\/handimel.fr\/2019\/05\/09\/sortie-a-la-fac\/photo-uni-2\/\" class=\"wp-image-813\" \/><\/figure><\/li><li class=\"blocks-gallery-item\"><figure><img decoding=\"async\" src=\"http:\/\/handimel.fr\/wp-content\/uploads\/sites\/8\/2019\/05\/photo-uni-1024x576.jpg\" alt=\"\" data-id=\"814\" data-link=\"http:\/\/handimel.fr\/2019\/05\/09\/sortie-a-la-fac\/photo-uni\/\" class=\"wp-image-814\" \/><\/figure><\/li><\/ul>\n","protected":false},"excerpt":{"rendered":"<p>Le lundi 20 mai, de 12h \u00e0 17h, nous allons devenir de v\u00e9ritables \u00e9tudiants! Le Mans Universit\u00e9 nous ouvre ses portes: rien que pour Handimel! Et voici le programme de &hellip; <\/p>\n<p class=\"link-more\"><a href=\"http:\/\/handimel.fr\/index.php\/2019\/05\/09\/sortie-a-la-fac\/\" class=\"more-link\">Continuer la lecture<span class=\"screen-reader-text\"> de &laquo;&nbsp;Sortie \u00e0 la Fac!&nbsp;&raquo;<\/span><\/a><\/p>\n","protected":false},"author":3,"featured_media":0,"comment_status":"closed","ping_status":"open","sticky":false,"template":"","format":"standard","meta":{"footnotes":""},"categories":[13],"tags":[],"class_list":["post-799","post","type-post","status-publish","format-standard","hentry","category-sorties"],"_links":{"self":[{"href":"http:\/\/handimel.fr\/index.php\/wp-json\/wp\/v2\/posts\/799","targetHints":{"allow":["GET"]}}],"collection":[{"href":"http:\/\/handimel.fr\/index.php\/wp-json\/wp\/v2\/posts"}],"about":[{"href":"http:\/\/handimel.fr\/index.php\/wp-json\/wp\/v2\/types\/post"}],"author":[{"embeddable":true,"href":"http:\/\/handimel.fr\/index.php\/wp-json\/wp\/v2\/users\/3"}],"replies":[{"embeddable":true,"href":"http:\/\/handimel.fr\/index.php\/wp-json\/wp\/v2\/comments?post=799"}],"version-history":[{"count":0,"href":"http:\/\/handimel.fr\/index.php\/wp-json\/wp\/v2\/posts\/799\/revisions"}],"wp:attachment":[{"href":"http:\/\/handimel.fr\/index.php\/wp-json\/wp\/v2\/media?parent=799"}],"wp:term":[{"taxonomy":"category","embeddable":true,"href":"http:\/\/handimel.fr\/index.php\/wp-json\/wp\/v2\/categories?post=799"},{"taxonomy":"post_tag","embeddable":true,"href":"http:\/\/handimel.fr\/index.php\/wp-json\/wp\/v2\/tags?post=799"}],"curies":[{"name":"wp","href":"https:\/\/api.w.org\/{rel}","templated":true}]}}