{"id":304,"date":"2018-04-30T12:08:03","date_gmt":"2018-04-30T10:08:03","guid":{"rendered":"http:\/\/handimel.fr\/?p=304"},"modified":"2018-04-30T12:08:03","modified_gmt":"2018-04-30T10:08:03","slug":"week-end-pluvieux-mais-heureux-au-championnat-du-monde-de-fauteuils-tractes-a-mulsanne","status":"publish","type":"post","link":"http:\/\/handimel.fr\/index.php\/2018\/04\/30\/week-end-pluvieux-mais-heureux-au-championnat-du-monde-de-fauteuils-tractes-a-mulsanne\/","title":{"rendered":"Week-end pluvieux mais heureux au Championnat du monde de fauteuils tract\u00e9s \u00e0 Mulsanne!"},"content":{"rendered":"<p><strong>Week-end pluvieux mais heureux au Championnat du monde de fauteuils tract\u00e9s \u00e0 Mulsanne!<\/strong><\/p>\n<p>Apr\u00e8s les qualifications dimanche matin, nos deux \u00e9quipes ont pris le d\u00e9part de la course \u00e0 la 23 et 25<sup>\u00e8me<\/sup> place.<\/p>\n<p>En \u00e0 peu pr\u00e8s 1h15 minutes, ils ont r\u00e9alis\u00e9 les 11 kms, bravo \u00e0 eux\u00a0!!<\/p>\n<p>Nous sommes loin d\u2019\u00eatre sur le podium mais nous avons gagn\u00e9 une journ\u00e9e de franche rigolade, d\u2019entraide et de partage avec comme d\u00e9nominateur commun, le sport.<\/p>\n<p><em>Voici quelques photos souvenirs :<\/em><\/p>\n<p>Notre stand<\/p>\n<p><a href=\"http:\/\/handimel.fr\/2018\/04\/30\/week-end-pluvieux-mais-heureux-au-championnat-du-monde-de-fauteuils-tractes-a-mulsanne\/img-20180428-wa0001\/\" rel=\"attachment wp-att-305\"><img loading=\"lazy\" decoding=\"async\" class=\"alignnone size-medium wp-image-305\" src=\"http:\/\/handimel.fr\/wp-content\/uploads\/sites\/8\/2018\/04\/IMG-20180428-WA0001-300x169.jpg\" alt=\"\" width=\"300\" height=\"169\" \/><\/a><\/p>\n<p>Nos deux \u00e9quipes:<\/p>\n<p><a href=\"http:\/\/handimel.fr\/2018\/04\/30\/week-end-pluvieux-mais-heureux-au-championnat-du-monde-de-fauteuils-tractes-a-mulsanne\/31671319_1692562687448200_2199376263209025536_n1\/\" rel=\"attachment wp-att-307\"><img loading=\"lazy\" decoding=\"async\" class=\"alignnone size-medium wp-image-307\" src=\"http:\/\/handimel.fr\/wp-content\/uploads\/sites\/8\/2018\/04\/31671319_1692562687448200_2199376263209025536_n1-300x200.jpg\" alt=\"\" width=\"300\" height=\"200\" \/><\/a><a href=\"http:\/\/handimel.fr\/2018\/04\/30\/week-end-pluvieux-mais-heureux-au-championnat-du-monde-de-fauteuils-tractes-a-mulsanne\/31564025_1692562757448193_3088056755402309632_n1\/\" rel=\"attachment wp-att-306\"><img loading=\"lazy\" decoding=\"async\" class=\"alignnone size-medium wp-image-306\" src=\"http:\/\/handimel.fr\/wp-content\/uploads\/sites\/8\/2018\/04\/31564025_1692562757448193_3088056755402309632_n1-300x200.jpg\" alt=\"\" width=\"300\" height=\"200\" \/><\/a><\/p>\n<p>La remise des prix :<\/p>\n\n<p>&nbsp;<\/p>\n<p>&nbsp;<\/p>\n","protected":false},"excerpt":{"rendered":"<p>Week-end pluvieux mais heureux au Championnat du monde de fauteuils tract\u00e9s \u00e0 Mulsanne! Apr\u00e8s les qualifications dimanche matin, nos deux \u00e9quipes ont pris le d\u00e9part de la course \u00e0 la &hellip; <\/p>\n<p class=\"link-more\"><a href=\"http:\/\/handimel.fr\/index.php\/2018\/04\/30\/week-end-pluvieux-mais-heureux-au-championnat-du-monde-de-fauteuils-tractes-a-mulsanne\/\" class=\"more-link\">Continuer la lecture<span class=\"screen-reader-text\"> de &laquo;&nbsp;Week-end pluvieux mais heureux au Championnat du monde de fauteuils tract\u00e9s \u00e0 Mulsanne!&nbsp;&raquo;<\/span><\/a><\/p>\n","protected":false},"author":4,"featured_media":0,"comment_status":"closed","ping_status":"closed","sticky":false,"template":"","format":"standard","meta":{"footnotes":""},"categories":[13],"tags":[],"class_list":["post-304","post","type-post","status-publish","format-standard","hentry","category-sorties"],"_links":{"self":[{"href":"http:\/\/handimel.fr\/index.php\/wp-json\/wp\/v2\/posts\/304","targetHints":{"allow":["GET"]}}],"collection":[{"href":"http:\/\/handimel.fr\/index.php\/wp-json\/wp\/v2\/posts"}],"about":[{"href":"http:\/\/handimel.fr\/index.php\/wp-json\/wp\/v2\/types\/post"}],"author":[{"embeddable":true,"href":"http:\/\/handimel.fr\/index.php\/wp-json\/wp\/v2\/users\/4"}],"replies":[{"embeddable":true,"href":"http:\/\/handimel.fr\/index.php\/wp-json\/wp\/v2\/comments?post=304"}],"version-history":[{"count":0,"href":"http:\/\/handimel.fr\/index.php\/wp-json\/wp\/v2\/posts\/304\/revisions"}],"wp:attachment":[{"href":"http:\/\/handimel.fr\/index.php\/wp-json\/wp\/v2\/media?parent=304"}],"wp:term":[{"taxonomy":"category","embeddable":true,"href":"http:\/\/handimel.fr\/index.php\/wp-json\/wp\/v2\/categories?post=304"},{"taxonomy":"post_tag","embeddable":true,"href":"http:\/\/handimel.fr\/index.php\/wp-json\/wp\/v2\/tags?post=304"}],"curies":[{"name":"wp","href":"https:\/\/api.w.org\/{rel}","templated":true}]}}