{"id":211,"date":"2018-03-27T21:08:39","date_gmt":"2018-03-27T19:08:39","guid":{"rendered":"http:\/\/handimel.fr\/?p=211"},"modified":"2018-03-27T21:08:39","modified_gmt":"2018-03-27T19:08:39","slug":"interview-sur-france-bleu-maine","status":"publish","type":"post","link":"http:\/\/handimel.fr\/index.php\/2018\/03\/27\/interview-sur-france-bleu-maine\/","title":{"rendered":"Interview sur France Bleu Maine"},"content":{"rendered":"<p>Handimel a \u00e9t\u00e9 interview\u00e9 lundi 17 septembre 2018 pour trouver des subventions!<\/p>\n<p>Handimel a \u00e9t\u00e9 l&rsquo;invit\u00e9 du midi, sur France Bleu Maine, en f\u00e9vrier 2018!<\/p>\n<p><a href=\"https:\/\/www.francebleu.fr\/emissions\/l-invite-de-midi\/maine\/l-invite-de-france-bleu-midi-288\">https:\/\/www.francebleu.fr\/emissions\/l-invite-de-midi\/maine\/l-invite-de-france-bleu-midi-288<\/a><\/p>\n<p>Handimel a choisi France Bleu Maine pour promouvoir ses ateliers, en novembre 2017 :<\/p>\n<p><a href=\"https:\/\/www.francebleu.fr\/emissions\/asso-72\/maine\/asso-72-176?xtmc=handimel&amp;xtnp=1&amp;xtcr=5\">https:\/\/www.francebleu.fr\/emissions\/asso-72\/maine\/asso-72-176?xtmc=handimel&amp;xtnp=1&amp;xtcr=5<\/a><\/p>\n<p>&nbsp;<\/p>\n","protected":false},"excerpt":{"rendered":"<p>Handimel a \u00e9t\u00e9 interview\u00e9 lundi 17 septembre 2018 pour trouver des subventions! Handimel a \u00e9t\u00e9 l&rsquo;invit\u00e9 du midi, sur France Bleu Maine, en f\u00e9vrier 2018! https:\/\/www.francebleu.fr\/emissions\/l-invite-de-midi\/maine\/l-invite-de-france-bleu-midi-288 Handimel a choisi France &hellip; <\/p>\n<p class=\"link-more\"><a href=\"http:\/\/handimel.fr\/index.php\/2018\/03\/27\/interview-sur-france-bleu-maine\/\" class=\"more-link\">Continuer la lecture<span class=\"screen-reader-text\"> de &laquo;&nbsp;Interview sur France Bleu Maine&nbsp;&raquo;<\/span><\/a><\/p>\n","protected":false},"author":3,"featured_media":0,"comment_status":"closed","ping_status":"open","sticky":false,"template":"","format":"standard","meta":{"footnotes":""},"categories":[1],"tags":[],"class_list":["post-211","post","type-post","status-publish","format-standard","hentry","category-non-classe"],"_links":{"self":[{"href":"http:\/\/handimel.fr\/index.php\/wp-json\/wp\/v2\/posts\/211","targetHints":{"allow":["GET"]}}],"collection":[{"href":"http:\/\/handimel.fr\/index.php\/wp-json\/wp\/v2\/posts"}],"about":[{"href":"http:\/\/handimel.fr\/index.php\/wp-json\/wp\/v2\/types\/post"}],"author":[{"embeddable":true,"href":"http:\/\/handimel.fr\/index.php\/wp-json\/wp\/v2\/users\/3"}],"replies":[{"embeddable":true,"href":"http:\/\/handimel.fr\/index.php\/wp-json\/wp\/v2\/comments?post=211"}],"version-history":[{"count":0,"href":"http:\/\/handimel.fr\/index.php\/wp-json\/wp\/v2\/posts\/211\/revisions"}],"wp:attachment":[{"href":"http:\/\/handimel.fr\/index.php\/wp-json\/wp\/v2\/media?parent=211"}],"wp:term":[{"taxonomy":"category","embeddable":true,"href":"http:\/\/handimel.fr\/index.php\/wp-json\/wp\/v2\/categories?post=211"},{"taxonomy":"post_tag","embeddable":true,"href":"http:\/\/handimel.fr\/index.php\/wp-json\/wp\/v2\/tags?post=211"}],"curies":[{"name":"wp","href":"https:\/\/api.w.org\/{rel}","templated":true}]}}