{"id":2004,"date":"2023-05-22T11:55:54","date_gmt":"2023-05-22T09:55:54","guid":{"rendered":"http:\/\/handimel.fr\/?p=2004"},"modified":"2023-05-22T11:55:54","modified_gmt":"2023-05-22T09:55:54","slug":"sortie-velo","status":"publish","type":"post","link":"http:\/\/handimel.fr\/index.php\/2023\/05\/22\/sortie-velo\/","title":{"rendered":"Sortie v\u00e9lo!"},"content":{"rendered":"\n<p>Samedi 13 mai 2023, \u00e0 10h, nous avons fait 1h de v\u00e9lo, gr\u00e2ce \u00e0 Fabien! Nous sommes all\u00e9s \u00e0 l&rsquo;Arche de la nature!<\/p>\n\n\n\n<figure class=\"wp-block-gallery columns-3 is-cropped wp-block-gallery-1 is-layout-flex wp-block-gallery-is-layout-flex\"><ul class=\"blocks-gallery-grid\"><li class=\"blocks-gallery-item\"><figure><img loading=\"lazy\" decoding=\"async\" width=\"578\" height=\"1024\" src=\"http:\/\/handimel.fr\/wp-content\/uploads\/2023\/05\/sortie-velo-578x1024.jpg\" alt=\"\" data-id=\"2005\" data-link=\"http:\/\/handimel.fr\/?attachment_id=2005\" class=\"wp-image-2005\" srcset=\"http:\/\/handimel.fr\/wp-content\/uploads\/2023\/05\/sortie-velo-578x1024.jpg 578w, http:\/\/handimel.fr\/wp-content\/uploads\/2023\/05\/sortie-velo-169x300.jpg 169w, http:\/\/handimel.fr\/wp-content\/uploads\/2023\/05\/sortie-velo-768x1362.jpg 768w, http:\/\/handimel.fr\/wp-content\/uploads\/2023\/05\/sortie-velo-866x1536.jpg 866w, http:\/\/handimel.fr\/wp-content\/uploads\/2023\/05\/sortie-velo-1155x2048.jpg 1155w, http:\/\/handimel.fr\/wp-content\/uploads\/2023\/05\/sortie-velo-scaled.jpg 1444w\" sizes=\"auto, (max-width: 578px) 100vw, 578px\" \/><\/figure><\/li><li class=\"blocks-gallery-item\"><figure><img loading=\"lazy\" decoding=\"async\" width=\"578\" height=\"1024\" src=\"http:\/\/handimel.fr\/wp-content\/uploads\/2023\/05\/sortie-velo2-578x1024.jpg\" alt=\"\" data-id=\"2006\" data-link=\"http:\/\/handimel.fr\/?attachment_id=2006\" class=\"wp-image-2006\" srcset=\"http:\/\/handimel.fr\/wp-content\/uploads\/2023\/05\/sortie-velo2-578x1024.jpg 578w, http:\/\/handimel.fr\/wp-content\/uploads\/2023\/05\/sortie-velo2-169x300.jpg 169w, http:\/\/handimel.fr\/wp-content\/uploads\/2023\/05\/sortie-velo2-768x1362.jpg 768w, http:\/\/handimel.fr\/wp-content\/uploads\/2023\/05\/sortie-velo2-866x1536.jpg 866w, http:\/\/handimel.fr\/wp-content\/uploads\/2023\/05\/sortie-velo2-1155x2048.jpg 1155w, http:\/\/handimel.fr\/wp-content\/uploads\/2023\/05\/sortie-velo2-scaled.jpg 1444w\" sizes=\"auto, (max-width: 578px) 100vw, 578px\" \/><\/figure><\/li><li class=\"blocks-gallery-item\"><figure><img loading=\"lazy\" decoding=\"async\" width=\"578\" height=\"1024\" src=\"http:\/\/handimel.fr\/wp-content\/uploads\/2023\/05\/flyer-velo-578x1024.jpg\" alt=\"\" data-id=\"2007\" data-full-url=\"http:\/\/handimel.fr\/wp-content\/uploads\/2023\/05\/flyer-velo-scaled.jpg\" data-link=\"http:\/\/handimel.fr\/?attachment_id=2007\" class=\"wp-image-2007\" srcset=\"http:\/\/handimel.fr\/wp-content\/uploads\/2023\/05\/flyer-velo-578x1024.jpg 578w, http:\/\/handimel.fr\/wp-content\/uploads\/2023\/05\/flyer-velo-169x300.jpg 169w, http:\/\/handimel.fr\/wp-content\/uploads\/2023\/05\/flyer-velo-768x1362.jpg 768w, http:\/\/handimel.fr\/wp-content\/uploads\/2023\/05\/flyer-velo-866x1536.jpg 866w, http:\/\/handimel.fr\/wp-content\/uploads\/2023\/05\/flyer-velo-1155x2048.jpg 1155w, http:\/\/handimel.fr\/wp-content\/uploads\/2023\/05\/flyer-velo-scaled.jpg 1444w\" sizes=\"auto, (max-width: 578px) 100vw, 578px\" \/><\/figure><\/li><\/ul><\/figure>\n","protected":false},"excerpt":{"rendered":"<p>Samedi 13 mai 2023, \u00e0 10h, nous avons fait 1h de v\u00e9lo, gr\u00e2ce \u00e0 Fabien! Nous sommes all\u00e9s \u00e0 l&rsquo;Arche de la nature!<\/p>\n","protected":false},"author":3,"featured_media":0,"comment_status":"open","ping_status":"open","sticky":false,"template":"","format":"standard","meta":{"footnotes":""},"categories":[13],"tags":[],"class_list":["post-2004","post","type-post","status-publish","format-standard","hentry","category-sorties"],"_links":{"self":[{"href":"http:\/\/handimel.fr\/index.php\/wp-json\/wp\/v2\/posts\/2004","targetHints":{"allow":["GET"]}}],"collection":[{"href":"http:\/\/handimel.fr\/index.php\/wp-json\/wp\/v2\/posts"}],"about":[{"href":"http:\/\/handimel.fr\/index.php\/wp-json\/wp\/v2\/types\/post"}],"author":[{"embeddable":true,"href":"http:\/\/handimel.fr\/index.php\/wp-json\/wp\/v2\/users\/3"}],"replies":[{"embeddable":true,"href":"http:\/\/handimel.fr\/index.php\/wp-json\/wp\/v2\/comments?post=2004"}],"version-history":[{"count":1,"href":"http:\/\/handimel.fr\/index.php\/wp-json\/wp\/v2\/posts\/2004\/revisions"}],"predecessor-version":[{"id":2008,"href":"http:\/\/handimel.fr\/index.php\/wp-json\/wp\/v2\/posts\/2004\/revisions\/2008"}],"wp:attachment":[{"href":"http:\/\/handimel.fr\/index.php\/wp-json\/wp\/v2\/media?parent=2004"}],"wp:term":[{"taxonomy":"category","embeddable":true,"href":"http:\/\/handimel.fr\/index.php\/wp-json\/wp\/v2\/categories?post=2004"},{"taxonomy":"post_tag","embeddable":true,"href":"http:\/\/handimel.fr\/index.php\/wp-json\/wp\/v2\/tags?post=2004"}],"curies":[{"name":"wp","href":"https:\/\/api.w.org\/{rel}","templated":true}]}}