{"id":1868,"date":"2022-12-05T16:14:32","date_gmt":"2022-12-05T15:14:32","guid":{"rendered":"http:\/\/handimel.fr\/?p=1868"},"modified":"2023-01-24T16:08:29","modified_gmt":"2023-01-24T15:08:29","slug":"buvette-de-larche-de-la-nature-2","status":"publish","type":"post","link":"http:\/\/handimel.fr\/index.php\/2022\/12\/05\/buvette-de-larche-de-la-nature-2\/","title":{"rendered":"Buvette de l&rsquo;Arche de la Nature"},"content":{"rendered":"\n<p>Rdv mercredi 21 d\u00e9cembre 2022 de 15h \u00e0 16h30, pour un go\u00fbter de No\u00ebl. Handimel sera pr\u00e9sent, \u00e0 la buvette, pour vous servir du chaud!!!<\/p>\n\n\n\n<figure class=\"wp-block-gallery columns-2 is-cropped wp-block-gallery-1 is-layout-flex wp-block-gallery-is-layout-flex\"><ul class=\"blocks-gallery-grid\"><li class=\"blocks-gallery-item\"><figure><img loading=\"lazy\" decoding=\"async\" width=\"578\" height=\"1024\" src=\"http:\/\/handimel.fr\/wp-content\/uploads\/2023\/01\/benevole-arche-2023-578x1024.jpg\" alt=\"\" data-id=\"1885\" data-link=\"http:\/\/handimel.fr\/index.php\/2022\/12\/05\/buvette-de-larche-de-la-nature-2\/benevole-arche-2023\/\" class=\"wp-image-1885\" srcset=\"http:\/\/handimel.fr\/wp-content\/uploads\/2023\/01\/benevole-arche-2023-578x1024.jpg 578w, http:\/\/handimel.fr\/wp-content\/uploads\/2023\/01\/benevole-arche-2023-169x300.jpg 169w, http:\/\/handimel.fr\/wp-content\/uploads\/2023\/01\/benevole-arche-2023-768x1362.jpg 768w, http:\/\/handimel.fr\/wp-content\/uploads\/2023\/01\/benevole-arche-2023-866x1536.jpg 866w, http:\/\/handimel.fr\/wp-content\/uploads\/2023\/01\/benevole-arche-2023-1155x2048.jpg 1155w, http:\/\/handimel.fr\/wp-content\/uploads\/2023\/01\/benevole-arche-2023-scaled.jpg 1444w\" sizes=\"auto, (max-width: 578px) 100vw, 578px\" \/><figcaption class=\"blocks-gallery-item__caption\">Nos 2 b\u00e9n\u00e9voles!!<\/figcaption><\/figure><\/li><li class=\"blocks-gallery-item\"><figure><img loading=\"lazy\" decoding=\"async\" width=\"578\" height=\"1024\" src=\"http:\/\/handimel.fr\/wp-content\/uploads\/2023\/01\/benevolat-2023-578x1024.jpg\" alt=\"\" data-id=\"1886\" data-full-url=\"http:\/\/handimel.fr\/wp-content\/uploads\/2023\/01\/benevolat-2023-scaled.jpg\" data-link=\"http:\/\/handimel.fr\/index.php\/2022\/12\/05\/buvette-de-larche-de-la-nature-2\/benevolat-2023\/\" class=\"wp-image-1886\" srcset=\"http:\/\/handimel.fr\/wp-content\/uploads\/2023\/01\/benevolat-2023-578x1024.jpg 578w, http:\/\/handimel.fr\/wp-content\/uploads\/2023\/01\/benevolat-2023-169x300.jpg 169w, http:\/\/handimel.fr\/wp-content\/uploads\/2023\/01\/benevolat-2023-768x1362.jpg 768w, http:\/\/handimel.fr\/wp-content\/uploads\/2023\/01\/benevolat-2023-866x1536.jpg 866w, http:\/\/handimel.fr\/wp-content\/uploads\/2023\/01\/benevolat-2023-1155x2048.jpg 1155w, http:\/\/handimel.fr\/wp-content\/uploads\/2023\/01\/benevolat-2023-scaled.jpg 1444w\" sizes=\"auto, (max-width: 578px) 100vw, 578px\" \/><\/figure><\/li><\/ul><\/figure>\n","protected":false},"excerpt":{"rendered":"<p>Rdv mercredi 21 d\u00e9cembre 2022 de 15h \u00e0 16h30, pour un go\u00fbter de No\u00ebl. Handimel sera pr\u00e9sent, \u00e0 la buvette, pour vous servir du chaud!!!<\/p>\n","protected":false},"author":3,"featured_media":0,"comment_status":"open","ping_status":"open","sticky":false,"template":"","format":"standard","meta":{"footnotes":""},"categories":[7],"tags":[],"class_list":["post-1868","post","type-post","status-publish","format-standard","hentry","category-expos"],"_links":{"self":[{"href":"http:\/\/handimel.fr\/index.php\/wp-json\/wp\/v2\/posts\/1868","targetHints":{"allow":["GET"]}}],"collection":[{"href":"http:\/\/handimel.fr\/index.php\/wp-json\/wp\/v2\/posts"}],"about":[{"href":"http:\/\/handimel.fr\/index.php\/wp-json\/wp\/v2\/types\/post"}],"author":[{"embeddable":true,"href":"http:\/\/handimel.fr\/index.php\/wp-json\/wp\/v2\/users\/3"}],"replies":[{"embeddable":true,"href":"http:\/\/handimel.fr\/index.php\/wp-json\/wp\/v2\/comments?post=1868"}],"version-history":[{"count":3,"href":"http:\/\/handimel.fr\/index.php\/wp-json\/wp\/v2\/posts\/1868\/revisions"}],"predecessor-version":[{"id":1887,"href":"http:\/\/handimel.fr\/index.php\/wp-json\/wp\/v2\/posts\/1868\/revisions\/1887"}],"wp:attachment":[{"href":"http:\/\/handimel.fr\/index.php\/wp-json\/wp\/v2\/media?parent=1868"}],"wp:term":[{"taxonomy":"category","embeddable":true,"href":"http:\/\/handimel.fr\/index.php\/wp-json\/wp\/v2\/categories?post=1868"},{"taxonomy":"post_tag","embeddable":true,"href":"http:\/\/handimel.fr\/index.php\/wp-json\/wp\/v2\/tags?post=1868"}],"curies":[{"name":"wp","href":"https:\/\/api.w.org\/{rel}","templated":true}]}}