{"id":1866,"date":"2022-12-05T16:11:18","date_gmt":"2022-12-05T15:11:18","guid":{"rendered":"http:\/\/handimel.fr\/?p=1866"},"modified":"2022-12-05T16:11:18","modified_gmt":"2022-12-05T15:11:18","slug":"marche-de-noel","status":"publish","type":"post","link":"http:\/\/handimel.fr\/index.php\/2022\/12\/05\/marche-de-noel\/","title":{"rendered":"March\u00e9 de No\u00ebl"},"content":{"rendered":"\n<p>Rdv jeudi 8 d\u00e9cembre 2022, \u00e0 15h, devant le tabac de la Place de la R\u00e9publique.<\/p>\n\n\n\n<p>D\u00e9couvrir le march\u00e9 de no\u00ebl du Mans, et prendre un caf\u00e9 pour se r\u00e9chauffer!<\/p>\n","protected":false},"excerpt":{"rendered":"<p>Rdv jeudi 8 d\u00e9cembre 2022, \u00e0 15h, devant le tabac de la Place de la R\u00e9publique. D\u00e9couvrir le march\u00e9 de no\u00ebl du Mans, et prendre un caf\u00e9 pour se r\u00e9chauffer!<\/p>\n","protected":false},"author":3,"featured_media":0,"comment_status":"open","ping_status":"open","sticky":false,"template":"","format":"standard","meta":{"footnotes":""},"categories":[13],"tags":[],"class_list":["post-1866","post","type-post","status-publish","format-standard","hentry","category-sorties"],"_links":{"self":[{"href":"http:\/\/handimel.fr\/index.php\/wp-json\/wp\/v2\/posts\/1866","targetHints":{"allow":["GET"]}}],"collection":[{"href":"http:\/\/handimel.fr\/index.php\/wp-json\/wp\/v2\/posts"}],"about":[{"href":"http:\/\/handimel.fr\/index.php\/wp-json\/wp\/v2\/types\/post"}],"author":[{"embeddable":true,"href":"http:\/\/handimel.fr\/index.php\/wp-json\/wp\/v2\/users\/3"}],"replies":[{"embeddable":true,"href":"http:\/\/handimel.fr\/index.php\/wp-json\/wp\/v2\/comments?post=1866"}],"version-history":[{"count":1,"href":"http:\/\/handimel.fr\/index.php\/wp-json\/wp\/v2\/posts\/1866\/revisions"}],"predecessor-version":[{"id":1867,"href":"http:\/\/handimel.fr\/index.php\/wp-json\/wp\/v2\/posts\/1866\/revisions\/1867"}],"wp:attachment":[{"href":"http:\/\/handimel.fr\/index.php\/wp-json\/wp\/v2\/media?parent=1866"}],"wp:term":[{"taxonomy":"category","embeddable":true,"href":"http:\/\/handimel.fr\/index.php\/wp-json\/wp\/v2\/categories?post=1866"},{"taxonomy":"post_tag","embeddable":true,"href":"http:\/\/handimel.fr\/index.php\/wp-json\/wp\/v2\/tags?post=1866"}],"curies":[{"name":"wp","href":"https:\/\/api.w.org\/{rel}","templated":true}]}}