{"id":1486,"date":"2021-06-01T09:23:53","date_gmt":"2021-06-01T07:23:53","guid":{"rendered":"http:\/\/handimel.fr\/?p=1486"},"modified":"2021-06-01T09:23:53","modified_gmt":"2021-06-01T07:23:53","slug":"pique-nique-a-sille","status":"publish","type":"post","link":"http:\/\/handimel.fr\/index.php\/2021\/06\/01\/pique-nique-a-sille\/","title":{"rendered":"Pique-nique \u00e0 Sill\u00e9!"},"content":{"rendered":"\n<p>Rdv <strong>\u00e0 midi le vendredi 11 juin 2021<\/strong>, sur le parking de l&rsquo;Espal, pour partir la demi journ\u00e9e, cette fois dans la bonne direction! Chacun pr\u00e9voit son pique-nique. En fonction de la m\u00e9t\u00e9o. L&rsquo;impression d&rsquo;\u00eatre ailleurs le temps d&rsquo;une journ\u00e9e : p\u00e9dalo, baignade, bronzette, glaces, promenade&#8230;Tout y \u00e9tait!<\/p>\n\n\n\n<figure class=\"wp-block-gallery columns-2 is-cropped wp-block-gallery-1 is-layout-flex wp-block-gallery-is-layout-flex\"><ul class=\"blocks-gallery-grid\"><li class=\"blocks-gallery-item\"><figure><img decoding=\"async\" src=\"http:\/\/handimel.fr\/wp-content\/uploads\/sites\/8\/2021\/06\/sortie-sille-1024x1024.jpg\" alt=\"\" data-id=\"1496\" data-link=\"http:\/\/handimel.fr\/2021\/06\/01\/pique-nique-a-sille\/sortie-sille\/\" class=\"wp-image-1496\" \/><\/figure><\/li><li class=\"blocks-gallery-item\"><figure><img decoding=\"async\" src=\"http:\/\/handimel.fr\/wp-content\/uploads\/sites\/8\/2021\/06\/sortie2-sille-1024x1024.jpg\" alt=\"\" data-id=\"1497\" data-full-url=\"http:\/\/handimel.fr\/wp-content\/uploads\/sites\/8\/2021\/06\/sortie2-sille-rotated.jpg\" data-link=\"http:\/\/handimel.fr\/2021\/06\/01\/pique-nique-a-sille\/sortie2-sille\/\" class=\"wp-image-1497\" \/><\/figure><\/li><\/ul><\/figure>\n","protected":false},"excerpt":{"rendered":"<p>Rdv \u00e0 midi le vendredi 11 juin 2021, sur le parking de l&rsquo;Espal, pour partir la demi journ\u00e9e, cette fois dans la bonne direction! Chacun pr\u00e9voit son pique-nique. En fonction &hellip; <\/p>\n<p class=\"link-more\"><a href=\"http:\/\/handimel.fr\/index.php\/2021\/06\/01\/pique-nique-a-sille\/\" class=\"more-link\">Continuer la lecture<span class=\"screen-reader-text\"> de &laquo;&nbsp;Pique-nique \u00e0 Sill\u00e9!&nbsp;&raquo;<\/span><\/a><\/p>\n","protected":false},"author":3,"featured_media":0,"comment_status":"closed","ping_status":"open","sticky":false,"template":"","format":"standard","meta":{"footnotes":""},"categories":[13],"tags":[],"class_list":["post-1486","post","type-post","status-publish","format-standard","hentry","category-sorties"],"_links":{"self":[{"href":"http:\/\/handimel.fr\/index.php\/wp-json\/wp\/v2\/posts\/1486","targetHints":{"allow":["GET"]}}],"collection":[{"href":"http:\/\/handimel.fr\/index.php\/wp-json\/wp\/v2\/posts"}],"about":[{"href":"http:\/\/handimel.fr\/index.php\/wp-json\/wp\/v2\/types\/post"}],"author":[{"embeddable":true,"href":"http:\/\/handimel.fr\/index.php\/wp-json\/wp\/v2\/users\/3"}],"replies":[{"embeddable":true,"href":"http:\/\/handimel.fr\/index.php\/wp-json\/wp\/v2\/comments?post=1486"}],"version-history":[{"count":0,"href":"http:\/\/handimel.fr\/index.php\/wp-json\/wp\/v2\/posts\/1486\/revisions"}],"wp:attachment":[{"href":"http:\/\/handimel.fr\/index.php\/wp-json\/wp\/v2\/media?parent=1486"}],"wp:term":[{"taxonomy":"category","embeddable":true,"href":"http:\/\/handimel.fr\/index.php\/wp-json\/wp\/v2\/categories?post=1486"},{"taxonomy":"post_tag","embeddable":true,"href":"http:\/\/handimel.fr\/index.php\/wp-json\/wp\/v2\/tags?post=1486"}],"curies":[{"name":"wp","href":"https:\/\/api.w.org\/{rel}","templated":true}]}}