{"id":1360,"date":"2020-12-18T12:33:16","date_gmt":"2020-12-18T11:33:16","guid":{"rendered":"http:\/\/handimel.fr\/?p=1360"},"modified":"2020-12-18T12:33:16","modified_gmt":"2020-12-18T11:33:16","slug":"ballade-dans-les-bois","status":"publish","type":"post","link":"http:\/\/handimel.fr\/index.php\/2020\/12\/18\/ballade-dans-les-bois\/","title":{"rendered":"Ballade dans les bois!"},"content":{"rendered":"\n<p>Apr\u00e8s un second confinement, premi\u00e8res retrouvailles! Nous sommes all\u00e9s nous promener dans la for\u00eat, jeudi 17 d\u00e9cembre, rdv \u00e0 14h15 sur le parking du Verger! <\/p>\n\n\n\n<figure class=\"wp-block-gallery columns-3 is-cropped wp-block-gallery-1 is-layout-flex wp-block-gallery-is-layout-flex\"><ul class=\"blocks-gallery-grid\"><li class=\"blocks-gallery-item\"><figure><img decoding=\"async\" src=\"http:\/\/handimel.fr\/wp-content\/uploads\/sites\/8\/2020\/12\/bois-dec.jpg\" alt=\"\" data-id=\"1367\" data-link=\"http:\/\/handimel.fr\/2020\/12\/18\/ballade-dans-les-bois\/bois-dec\/\" class=\"wp-image-1367\" \/><\/figure><\/li><li class=\"blocks-gallery-item\"><figure><img decoding=\"async\" src=\"http:\/\/handimel.fr\/wp-content\/uploads\/sites\/8\/2020\/12\/bois1.jpg\" alt=\"\" data-id=\"1369\" data-link=\"http:\/\/handimel.fr\/2020\/12\/18\/ballade-dans-les-bois\/bois1\/\" class=\"wp-image-1369\" \/><\/figure><\/li><li class=\"blocks-gallery-item\"><figure><img decoding=\"async\" src=\"http:\/\/handimel.fr\/wp-content\/uploads\/sites\/8\/2020\/12\/bois2-768x1024.jpg\" alt=\"\" data-id=\"1370\" data-full-url=\"http:\/\/handimel.fr\/wp-content\/uploads\/sites\/8\/2020\/12\/bois2.jpg\" data-link=\"http:\/\/handimel.fr\/2020\/12\/18\/ballade-dans-les-bois\/bois2\/\" class=\"wp-image-1370\" \/><\/figure><\/li><\/ul><figcaption class=\"blocks-gallery-caption\">Bienvenue \u00e0 Marie-Th\u00e9r\u00e8se!<\/figcaption><\/figure>\n\n\n\n<p><\/p>\n","protected":false},"excerpt":{"rendered":"<p>Apr\u00e8s un second confinement, premi\u00e8res retrouvailles! Nous sommes all\u00e9s nous promener dans la for\u00eat, jeudi 17 d\u00e9cembre, rdv \u00e0 14h15 sur le parking du Verger!<\/p>\n","protected":false},"author":3,"featured_media":0,"comment_status":"closed","ping_status":"open","sticky":false,"template":"","format":"standard","meta":{"footnotes":""},"categories":[13],"tags":[],"class_list":["post-1360","post","type-post","status-publish","format-standard","hentry","category-sorties"],"_links":{"self":[{"href":"http:\/\/handimel.fr\/index.php\/wp-json\/wp\/v2\/posts\/1360","targetHints":{"allow":["GET"]}}],"collection":[{"href":"http:\/\/handimel.fr\/index.php\/wp-json\/wp\/v2\/posts"}],"about":[{"href":"http:\/\/handimel.fr\/index.php\/wp-json\/wp\/v2\/types\/post"}],"author":[{"embeddable":true,"href":"http:\/\/handimel.fr\/index.php\/wp-json\/wp\/v2\/users\/3"}],"replies":[{"embeddable":true,"href":"http:\/\/handimel.fr\/index.php\/wp-json\/wp\/v2\/comments?post=1360"}],"version-history":[{"count":0,"href":"http:\/\/handimel.fr\/index.php\/wp-json\/wp\/v2\/posts\/1360\/revisions"}],"wp:attachment":[{"href":"http:\/\/handimel.fr\/index.php\/wp-json\/wp\/v2\/media?parent=1360"}],"wp:term":[{"taxonomy":"category","embeddable":true,"href":"http:\/\/handimel.fr\/index.php\/wp-json\/wp\/v2\/categories?post=1360"},{"taxonomy":"post_tag","embeddable":true,"href":"http:\/\/handimel.fr\/index.php\/wp-json\/wp\/v2\/tags?post=1360"}],"curies":[{"name":"wp","href":"https:\/\/api.w.org\/{rel}","templated":true}]}}