{"id":1046,"date":"2019-11-29T11:19:08","date_gmt":"2019-11-29T10:19:08","guid":{"rendered":"http:\/\/handimel.fr\/?p=1046"},"modified":"2019-11-29T11:19:08","modified_gmt":"2019-11-29T10:19:08","slug":"repas-de-noel","status":"publish","type":"post","link":"http:\/\/handimel.fr\/index.php\/2019\/11\/29\/repas-de-noel\/","title":{"rendered":"Repas de No\u00ebl!"},"content":{"rendered":"\n<p> Le mercredi soir 18 d\u00e9cembre, \u00e0 partir de 18h, <strong><em>nous d\u00e9gusterons&#8230; <\/em><\/strong><\/p>\n\n\n\n<p class=\"has-text-color has-text-align-center has-vivid-green-cyan-color\"><em>pain surprise<\/em><\/p>\n\n\n\n<p class=\"has-text-color has-text-align-center has-vivid-green-cyan-color\"><em>aiguillettes de canard avec sa po\u00eal\u00e9e de patates douces<\/em><\/p>\n\n\n\n<p class=\"has-text-color has-text-align-center has-vivid-green-cyan-color\"><em>plateau de fromages<\/em><\/p>\n\n\n\n<p class=\"has-text-color has-text-align-center has-vivid-green-cyan-color\"><em>mignardises<\/em><\/p>\n\n\n\n<p><strong><em>Tout ceci accompagn\u00e9s de petits pains et de boissons!<\/em><\/strong> 15\u20ac\/pers le repas.<\/p>\n\n\n\n<figure class=\"wp-block-gallery columns-3 is-cropped wp-block-gallery-1 is-layout-flex wp-block-gallery-is-layout-flex\"><ul class=\"blocks-gallery-grid\"><li class=\"blocks-gallery-item\"><figure><img decoding=\"async\" src=\"http:\/\/handimel.fr\/wp-content\/uploads\/sites\/8\/2019\/12\/repas-de-noel-1-768x1024.jpg\" alt=\"\" data-id=\"1067\" data-link=\"http:\/\/handimel.fr\/2019\/11\/29\/repas-de-noel\/repas-de-noel-1\/\" class=\"wp-image-1067\" \/><\/figure><\/li><li class=\"blocks-gallery-item\"><figure><img decoding=\"async\" src=\"http:\/\/handimel.fr\/wp-content\/uploads\/sites\/8\/2019\/12\/repas-de-noel2-768x1024.jpg\" alt=\"\" data-id=\"1068\" data-link=\"http:\/\/handimel.fr\/2019\/11\/29\/repas-de-noel\/repas-de-noel2\/\" class=\"wp-image-1068\" \/><\/figure><\/li><li class=\"blocks-gallery-item\"><figure><img decoding=\"async\" src=\"http:\/\/handimel.fr\/wp-content\/uploads\/sites\/8\/2019\/12\/repas-de-noel3-1024x768.jpg\" alt=\"\" data-id=\"1069\" data-link=\"http:\/\/handimel.fr\/2019\/11\/29\/repas-de-noel\/repas-de-noel3\/\" class=\"wp-image-1069\" \/><\/figure><\/li><\/ul><\/figure>\n\n\n\n<p>Blind test, anniversaire de Julie, remise des cartes d&rsquo;adh\u00e9sions, petits cadeaux, et bon repas \u00e9taient au rdv, dans une ambiance chaleureuse, humaine, et pleine d&rsquo;humour! On clos l&rsquo;ann\u00e9e 2019 chez Handimel avec beaucoup de rires!<\/p>\n","protected":false},"excerpt":{"rendered":"<p>Le mercredi soir 18 d\u00e9cembre, \u00e0 partir de 18h, nous d\u00e9gusterons&#8230; pain surprise aiguillettes de canard avec sa po\u00eal\u00e9e de patates douces plateau de fromages mignardises Tout ceci accompagn\u00e9s de &hellip; <\/p>\n<p class=\"link-more\"><a href=\"http:\/\/handimel.fr\/index.php\/2019\/11\/29\/repas-de-noel\/\" class=\"more-link\">Continuer la lecture<span class=\"screen-reader-text\"> de &laquo;&nbsp;Repas de No\u00ebl!&nbsp;&raquo;<\/span><\/a><\/p>\n","protected":false},"author":3,"featured_media":0,"comment_status":"closed","ping_status":"open","sticky":false,"template":"","format":"standard","meta":{"footnotes":""},"categories":[13],"tags":[],"class_list":["post-1046","post","type-post","status-publish","format-standard","hentry","category-sorties"],"_links":{"self":[{"href":"http:\/\/handimel.fr\/index.php\/wp-json\/wp\/v2\/posts\/1046","targetHints":{"allow":["GET"]}}],"collection":[{"href":"http:\/\/handimel.fr\/index.php\/wp-json\/wp\/v2\/posts"}],"about":[{"href":"http:\/\/handimel.fr\/index.php\/wp-json\/wp\/v2\/types\/post"}],"author":[{"embeddable":true,"href":"http:\/\/handimel.fr\/index.php\/wp-json\/wp\/v2\/users\/3"}],"replies":[{"embeddable":true,"href":"http:\/\/handimel.fr\/index.php\/wp-json\/wp\/v2\/comments?post=1046"}],"version-history":[{"count":0,"href":"http:\/\/handimel.fr\/index.php\/wp-json\/wp\/v2\/posts\/1046\/revisions"}],"wp:attachment":[{"href":"http:\/\/handimel.fr\/index.php\/wp-json\/wp\/v2\/media?parent=1046"}],"wp:term":[{"taxonomy":"category","embeddable":true,"href":"http:\/\/handimel.fr\/index.php\/wp-json\/wp\/v2\/categories?post=1046"},{"taxonomy":"post_tag","embeddable":true,"href":"http:\/\/handimel.fr\/index.php\/wp-json\/wp\/v2\/tags?post=1046"}],"curies":[{"name":"wp","href":"https:\/\/api.w.org\/{rel}","templated":true}]}}